{"id":8531,"date":"2017-03-27T16:45:01","date_gmt":"2017-03-27T16:45:01","guid":{"rendered":"http:\/\/www.schachklub-bad-homburg.de\/?p=8531"},"modified":"2017-04-09T12:16:15","modified_gmt":"2017-04-09T12:16:15","slug":"kantersieg-in-der-bezirksliga","status":"publish","type":"post","link":"https:\/\/www.schachklub-bad-homburg.de\/?p=8531","title":{"rendered":"Kantersieg in der Bezirksliga"},"content":{"rendered":"<p>Am <a href=\"http:\/\/bezirk-frankfurt.schach-chroniken.net\/archiv\/20162017\/mk\/55bzl00.htm\" target=\"_blank\">vorletzten Spieltag<\/a> traf Bad Homburg III auf den Tabellennachbarn <a href=\"http:\/\/www.schach-badnauheim.de\/\" target=\"_blank\">Bad Nauheim IV<\/a>. Beide Mannschaften befinden sich im gefestigten Mittelfeld ohne Aufstiegsambitionen oder Abstiegssorgen. Somit ging es lediglich darum, eine gute Endplatzierung in der Tabelle zu erreichen.<\/p>\n<figure id=\"attachment_8532\" aria-describedby=\"caption-attachment-8532\" style=\"width: 750px\" class=\"wp-caption alignnone\"><img loading=\"lazy\" decoding=\"async\" class=\"wp-image-8532 size-full\" src=\"http:\/\/www.schachklub-bad-homburg.de\/wp-content\/uploads\/2017\/03\/Bezirksliga-Bad-Nauheim.jpg\" alt=\"\" width=\"750\" height=\"450\" srcset=\"https:\/\/www.schachklub-bad-homburg.de\/wp-content\/uploads\/2017\/03\/Bezirksliga-Bad-Nauheim.jpg 750w, https:\/\/www.schachklub-bad-homburg.de\/wp-content\/uploads\/2017\/03\/Bezirksliga-Bad-Nauheim-300x180.jpg 300w\" sizes=\"auto, (max-width: 750px) 100vw, 750px\" \/><figcaption id=\"caption-attachment-8532\" class=\"wp-caption-text\">Spielten ebenfalls im Kurhaus: Bad Homburg III mit dem Gesicht zur Kamera.<\/figcaption><\/figure>\n<p><!--more--><br \/>\nBeide Teams mussten auf Stammkr\u00e4fte verzichten, jedoch konnten alle Bretter ad\u00e4quat besetzt werden. \u00a0Auch waren keine \u201eOpfer\u201c der Zeitumstellung\u00a0 zu beklagen, sodass der Mannschaftskampf bei fr\u00fchlingshaften Temperaturen p\u00fcnktlich um 14 Uhr starten konnte.<\/p>\n<p>Noch vor der ersten Zeitkontrolle hatte G\u00fcnter Wulf ein Mattnetz gesponnen, aus dem es f\u00fcr seinen Gegner kein Entrinnen gab. \u00a0Auch Helmut Desor hatte sich Vorteile erspielt, die er kurze Zeit sp\u00e4ter in einen vollen Punkt umwandeln konnte.<\/p>\n<p>Der Gegner von Paul Lenhart untersch\u00e4tze seine eigene Stellung und bot Remis an, welches Paul dankbar annahm.<\/p>\n<p>Auch die restlichen Bretter gaben Grund zum Optimismus. Matthias Siegmann hatte mit Schwarz eine Druckstellung gegen den r\u00fcckst\u00e4ndigen <em>d-<\/em>Bauern seines Gegners aufbauen k\u00f6nnen. Nach dem Abtausch mehrerer Figuren war die Luft raus, da offensichtlich war, dass die Verteidigungsresourcen seines Gegners ausreichen w\u00fcrden, um die Angriffsbem\u00fchungen kompensieren zu k\u00f6nnen. Somit endete auch diese Partie Remis.<br \/>\n\n\n\n<div class=\"rpbchessboard-chessboard rpbchessboard-diagramAlignment-floatRight\">\n    <noscript>\n        <div class=\"rpbchessboard-javascriptWarning\">\n            Sie m\u00fcssen JavaScript aktivieren, um die Diagramme zu verbessern.        <\/div>\n    <\/noscript>\n    <div id=\"rpbchessboard-69f6fdea45e6e-1\"><\/div>\n    <script type=\"text\/javascript\">\n        (function() {\n            function renderThisFEN() {\n                RPBChessboard.renderFEN(\"rpbchessboard-69f6fdea45e6e-1\", {\"position\":\"3r2k1\\\/1QRnqpp1\\\/1p2p2p\\\/p2pP3\\\/3P4\\\/5N1P\\\/PP3PP1\\\/6K1 w - - 0 26\",\"squareSize\":24,\"coordinateVisible\":true,\"turnVisible\":true,\"colorset\":\"chessvideos\",\"pieceset\":\"cburnett\"});\n            }\n            if (document.readyState === 'loading') {\n                document.addEventListener('DOMContentLoaded', renderThisFEN);\n            }\n            else {\n                renderThisFEN();\n            }\n        })();\n    <\/script>\n<\/div>\n\nJugendspieler Max Ringel spielte gro\u00df auf und hatte seinen Gegner in die Defensive gedr\u00e4ngt. In der Diagrammstellung folgte vielleicht voreilig - ohne, dass sofort eine konkrete Verbesserung sichtbar ist - der Bauerngewinn <em>26. Dxb6<\/em>.<\/p>\n<p>Der daraus folgende Abtausch ergab ein Springer-Endspiel mit Mehrbauer f\u00fcr Max. Der gegnerische Springer entwickelte im Endspiel jedoch pl\u00f6tzlich eine gef\u00e4hrliche Aktivit\u00e4t, sodass Max schlie\u00dflich noch um das Remis k\u00e4mpfen musste.<\/p>\n<p>Mit einem vorbildlichen Einsatz erreichte er schlie\u00dflich die mehr als verdiente Punkteteilung. Auch Jonas B\u00f6hme hatte inzwischen den Remishafen in einem Bauernendspiel angesteuert.<\/p>\n<p>Somit ergab sich ein Zwischenstand von 4:2 f\u00fcr die Gastgeber aus Bad Homburg bei noch zwei ausstehenden Partien.<\/p>\n<p>Olaf Winter hatte sich eine Mehrfigur erarbeitet und musste sich noch der Angriffsversuche der verbleibenden gegnerischen Figuren erwehren. Nachdem diese neutralisiert waren, konnte er den verdienten ganzen Punkt einfahren.<\/p>\n<p>Auch G\u00fcnter Horny hatte sich einen materiellen \u00a0Vorteil erspielt und setzte seine zwei verbundenen Freibauern in Bewegung. Nachdem er, in seiner typischen Art, auch den letzten Funken Gegenspiel aus der gegnerischen Stellung gepresst hatte und seine Freibauern nicht mehr zu stoppen waren, gab sein Gegner schlie\u00dflich auf.<\/p>\n<p>Der 6:2 Sieg geht, auch in dieser H\u00f6he, v\u00f6llig in Ordnung. Am letzten Spieltag gastieren die Kurst\u00e4dter bei den abstiegsgef\u00e4hrdeten\u00a0 Bad Vilbeler Schachfreunden. Auch hier wird mit gro\u00dfer Gegenwehr zu rechnen sein.<\/p>\n<p><b>Die Einzelergebnisse:<\/b><\/p>\n<table border=\"1\" cellspacing=\"0\" cellpadding=\"0\" bgcolor=\"#ffffff\">\n<tbody>\n<tr>\n<th colspan=\"2\"><b>SK Bad Homburg III<\/b><\/th>\n<th colspan=\"2\"><b>SC Bad Nauheim IV<\/b><\/th>\n<th align=\"center\"><b>\u00a06,0-2,0\u00a0<\/b><\/th>\n<\/tr>\n<tr>\n<td bgcolor=\"#d0d0d0\" width=\"200\">Lenhart, Paul<\/td>\n<td bgcolor=\"#d0d0d0\" width=\"40\">\u00a01842<\/td>\n<td bgcolor=\"#ffffff\" width=\"200\">Krapf, Walter<\/td>\n<td bgcolor=\"#ffffff\" width=\"40\">\u00a01726<\/td>\n<td style=\"text-align: center\">\u00bd-\u00bd<\/td>\n<\/tr>\n<tr>\n<td bgcolor=\"#ffffff\" width=\"200\">Winter, Olaf<\/td>\n<td bgcolor=\"#ffffff\" width=\"40\">\u00a01597<\/td>\n<td bgcolor=\"#d0d0d0\" width=\"200\">Hein, Sebastian<\/td>\n<td bgcolor=\"#d0d0d0\" width=\"40\">\u00a01610<\/td>\n<td style=\"text-align: center\">1-0<\/td>\n<\/tr>\n<tr>\n<td bgcolor=\"#d0d0d0\" width=\"200\">Wulf, G\u00fcnter<\/td>\n<td bgcolor=\"#d0d0d0\" width=\"40\">\u00a01562<\/td>\n<td bgcolor=\"#ffffff\" width=\"200\">Pl\u00f6tz, Hans-J\u00fcrgen<\/td>\n<td bgcolor=\"#ffffff\" width=\"40\">\u00a01503<\/td>\n<td style=\"text-align: center\">1-0<\/td>\n<\/tr>\n<tr>\n<td bgcolor=\"#ffffff\" width=\"200\">Horny, G\u00fcnter<\/td>\n<td bgcolor=\"#ffffff\" width=\"40\">\u00a01817<\/td>\n<td bgcolor=\"#d0d0d0\" width=\"200\">Savitskiy, Artur<\/td>\n<td bgcolor=\"#d0d0d0\" width=\"40\">\u00a0----<\/td>\n<td style=\"text-align: center\">1-0<\/td>\n<\/tr>\n<tr>\n<td bgcolor=\"#d0d0d0\" width=\"200\">Siegmann, Matthias<\/td>\n<td bgcolor=\"#d0d0d0\" width=\"40\">\u00a01728<\/td>\n<td bgcolor=\"#ffffff\" width=\"200\">Henkel, Uwe<\/td>\n<td bgcolor=\"#ffffff\" width=\"40\">\u00a01476<\/td>\n<td style=\"text-align: center\">\u00bd-\u00bd<\/td>\n<\/tr>\n<tr>\n<td bgcolor=\"#ffffff\" width=\"200\">B\u00f6hme, Jonas<\/td>\n<td bgcolor=\"#ffffff\" width=\"40\">\u00a01576<\/td>\n<td bgcolor=\"#d0d0d0\" width=\"200\">Winkler, Sebastian<\/td>\n<td bgcolor=\"#d0d0d0\" width=\"40\">\u00a01318<\/td>\n<td style=\"text-align: center\">\u00bd-\u00bd<\/td>\n<\/tr>\n<tr>\n<td bgcolor=\"#d0d0d0\" width=\"200\">Desor, Helmut<\/td>\n<td bgcolor=\"#d0d0d0\" width=\"40\">\u00a01496<\/td>\n<td bgcolor=\"#ffffff\" width=\"200\">Soest, Oliver<\/td>\n<td bgcolor=\"#ffffff\" width=\"40\">\u00a01170<\/td>\n<td style=\"text-align: center\">1-0<\/td>\n<\/tr>\n<tr>\n<td bgcolor=\"#ffffff\" width=\"200\">Ringel, Max<\/td>\n<td bgcolor=\"#ffffff\" width=\"40\">\u00a01375<\/td>\n<td bgcolor=\"#d0d0d0\" width=\"200\">M\u00f6ller, Silvan<\/td>\n<td bgcolor=\"#d0d0d0\" width=\"40\">\u00a01317<\/td>\n<td style=\"text-align: center\">\u00bd-\u00bd<\/td>\n<\/tr>\n<\/tbody>\n<\/table>\n","protected":false},"excerpt":{"rendered":"<p>Am vorletzten Spieltag traf Bad Homburg III auf den Tabellennachbarn Bad Nauheim IV. Beide Mannschaften befinden sich im gefestigten Mittelfeld ohne Aufstiegsambitionen oder Abstiegssorgen. Somit ging es lediglich darum, eine gute Endplatzierung in der Tabelle zu erreichen.<\/p>\n","protected":false},"author":7,"featured_media":0,"comment_status":"closed","ping_status":"closed","sticky":false,"template":"","format":"standard","meta":{"footnotes":""},"categories":[36],"tags":[62],"class_list":{"0":"post-8531","1":"post","2":"type-post","3":"status-publish","4":"format-standard","6":"category-3-mannschaft","7":"tag-bad-nauheim","8":"h-entry","9":"hentry","10":"h-as-article"},"_links":{"self":[{"href":"https:\/\/www.schachklub-bad-homburg.de\/index.php?rest_route=\/wp\/v2\/posts\/8531","targetHints":{"allow":["GET"]}}],"collection":[{"href":"https:\/\/www.schachklub-bad-homburg.de\/index.php?rest_route=\/wp\/v2\/posts"}],"about":[{"href":"https:\/\/www.schachklub-bad-homburg.de\/index.php?rest_route=\/wp\/v2\/types\/post"}],"author":[{"embeddable":true,"href":"https:\/\/www.schachklub-bad-homburg.de\/index.php?rest_route=\/wp\/v2\/users\/7"}],"replies":[{"embeddable":true,"href":"https:\/\/www.schachklub-bad-homburg.de\/index.php?rest_route=%2Fwp%2Fv2%2Fcomments&post=8531"}],"version-history":[{"count":4,"href":"https:\/\/www.schachklub-bad-homburg.de\/index.php?rest_route=\/wp\/v2\/posts\/8531\/revisions"}],"predecessor-version":[{"id":8925,"href":"https:\/\/www.schachklub-bad-homburg.de\/index.php?rest_route=\/wp\/v2\/posts\/8531\/revisions\/8925"}],"wp:attachment":[{"href":"https:\/\/www.schachklub-bad-homburg.de\/index.php?rest_route=%2Fwp%2Fv2%2Fmedia&parent=8531"}],"wp:term":[{"taxonomy":"category","embeddable":true,"href":"https:\/\/www.schachklub-bad-homburg.de\/index.php?rest_route=%2Fwp%2Fv2%2Fcategories&post=8531"},{"taxonomy":"post_tag","embeddable":true,"href":"https:\/\/www.schachklub-bad-homburg.de\/index.php?rest_route=%2Fwp%2Fv2%2Ftags&post=8531"}],"curies":[{"name":"wp","href":"https:\/\/api.w.org\/{rel}","templated":true}]}}