{"id":32997,"date":"2025-09-14T18:40:43","date_gmt":"2025-09-14T16:40:43","guid":{"rendered":"https:\/\/www.schachklub-bad-homburg.de\/?p=32997"},"modified":"2025-09-14T21:44:26","modified_gmt":"2025-09-14T19:44:26","slug":"gluecklicher-start-in-die-kreisklasse","status":"publish","type":"post","link":"https:\/\/www.schachklub-bad-homburg.de\/?p=32997","title":{"rendered":"Gl\u00fccklicher Start in die Kreisklasse"},"content":{"rendered":"\n<p>Heute begann die Saison 2025\/26 der <a href=\"https:\/\/hsv-schach.liga.nu\/cgi-bin\/WebObjects\/nuLigaSCHACHDE.woa\/wa\/groupPage?championship=Frankfurt+25%2F26&amp;group=4400\">Kreisklasse<\/a>. Zum Heimspiel gegen Fechenheim 2 trat unsere 7. Mannschaft mit Victor, Maksim, Mateo und Shubhayan an.<\/p>\n\n\n\n<p>Schon vor dem ersten Zug stand fest: Victors Gegner w\u00fcrde nicht erscheinen. Damit war das erste Brett kampflos gewonnen, und Victor konnte sich ganz auf seine neue Rolle als Mannschaftsf\u00fchrer konzentrieren. Mit sicherer Stimme las er die Aufstellung vor, gab die Bretter frei, trug die Punkte ein \u2013 und hatte seinen Arbeitstag damit erstaunlich fr\u00fch beendet.<\/p>\n\n\n\n<!--more-->\n\n\n\n<p>Mit diesem geschenkten Punkt im R\u00fccken gingen die anderen Partien erstaunlich gelassen los. Doch statt der sonst \u00fcblichen Schlagabtausche bis zum letzten Bauern kam es diesmal anders: Nach unterschiedlichen Spieldauern einigten sich alle drei \u00fcbrigen Begegnungen auf Remis. F\u00fcr ein Niveau, auf dem normalerweise noch tapfer mit blankem K\u00f6nig auf Gewinn gespielt wird, ist das durchaus bemerkenswert.<\/p>\n\n\n\n<p>So stand nach knapp zwei Stunden ein 2,5:1,5-Sieg auf dem Spielberichtsbogen \u2013 ein gelungener Auftakt in die neue Saison, auch wenn er eher ungew\u00f6hnlich zustande kam.<\/p>\n\n\n\n<p><strong>Die Einzelergebnisse:<\/strong><\/p>\n\n\n\n<table border cellpadding=\"0\" cellspacing=\"0\" bgcolor = \"#FFFFFF\">\n<tr>    <th colspan = \"2\"><b>Bad Homburg VII<\/th>    <th colspan = \"2\"><b>Fechenheim II<\/th>    <th align = \"center\">                                  <b>&nbsp;2\u00bd:1\u00bd&nbsp;<\/th>  <\/tr>\n  <tr>    <td width = \"200\" bgcolor = \"#D0D0D0\">Glavev,Victor<\/td>    <td width = \"40\" bgcolor = \"#D0D0D0\">&nbsp;1286&nbsp;<\/td>    <td width = \"200\" bgcolor = \"#FFFFFF\">Kocak,Ekin-Kerim<\/td>    <td width = \"40\" bgcolor = \"#FFFFFF\">&nbsp;1524&nbsp;<\/td>    <td style = \"text-align:center;\">                    +\/-<\/td>  <\/tr>\n  <tr>    <td width = \"200\" bgcolor = \"#FFFFFF\">Kukhtichev,Maksim<\/td>    <td width = \"40\" bgcolor = \"#FFFFFF\">&nbsp;1396&nbsp;<\/td>    <td width = \"200\" bgcolor = \"#D0D0D0\">Metz,Stefan<\/td>    <td width = \"40\" bgcolor = \"#D0D0D0\">&nbsp;1256&nbsp;<\/td>    <td style = \"text-align:center;\">                    \u00bd:\u00bd<\/td>  <\/tr>\n  <tr>    <td width = \"200\" bgcolor = \"#D0D0D0\">Capurro,Mateo<\/td>    <td width = \"40\" bgcolor = \"#D0D0D0\">&nbsp;1131&nbsp;<\/td>    <td width = \"200\" bgcolor = \"#FFFFFF\">Sadighi,Bijan<\/td>    <td width = \"40\" bgcolor = \"#FFFFFF\">&nbsp;1228&nbsp;<\/td>    <td style = \"text-align:center;\">                    \u00bd:\u00bd<\/td>  <\/tr>\n  <tr>    <td width = \"200\" bgcolor = \"#FFFFFF\">Chakravorty,Shubhayan<\/td>    <td width = \"40\" bgcolor = \"#FFFFFF\">&nbsp;1064&nbsp;<\/td>    <td width = \"200\" bgcolor = \"#D0D0D0\">Vladareanu,Sebastian<\/td>    <td width = \"40\" bgcolor = \"#D0D0D0\">&nbsp;844&nbsp;<\/td>    <td style = \"text-align:center;\">                    \u00bd:\u00bd<\/td>  <\/tr>\n<\/table><p>\n","protected":false},"excerpt":{"rendered":"<p>Heute begann die Saison 2025\/26 der Kreisklasse. Zum Heimspiel gegen Fechenheim 2 trat unsere 7. Mannschaft mit Victor, Maksim, Mateo und Shubhayan an. Schon vor dem ersten Zug stand fest: Victors Gegner w\u00fcrde nicht erscheinen. Damit war das erste Brett kampflos gewonnen, und Victor konnte sich ganz auf seine neue Rolle als Mannschaftsf\u00fchrer konzentrieren. Mit <a href=\"https:\/\/www.schachklub-bad-homburg.de\/?p=32997\" class=\"more-link\">...weiterlesen<span class=\"screen-reader-text\"> \"Gl\u00fccklicher Start in die Kreisklasse\"<\/span><\/a><\/p>\n","protected":false},"author":8,"featured_media":0,"comment_status":"closed","ping_status":"closed","sticky":false,"template":"","format":"standard","meta":{"footnotes":""},"categories":[120],"tags":[22],"class_list":{"0":"post-32997","1":"post","2":"type-post","3":"status-publish","4":"format-standard","6":"category-5-mannschaft","7":"tag-fechenheim","8":"h-entry","9":"hentry","10":"h-as-article"},"_links":{"self":[{"href":"https:\/\/www.schachklub-bad-homburg.de\/index.php?rest_route=\/wp\/v2\/posts\/32997","targetHints":{"allow":["GET"]}}],"collection":[{"href":"https:\/\/www.schachklub-bad-homburg.de\/index.php?rest_route=\/wp\/v2\/posts"}],"about":[{"href":"https:\/\/www.schachklub-bad-homburg.de\/index.php?rest_route=\/wp\/v2\/types\/post"}],"author":[{"embeddable":true,"href":"https:\/\/www.schachklub-bad-homburg.de\/index.php?rest_route=\/wp\/v2\/users\/8"}],"replies":[{"embeddable":true,"href":"https:\/\/www.schachklub-bad-homburg.de\/index.php?rest_route=%2Fwp%2Fv2%2Fcomments&post=32997"}],"version-history":[{"count":3,"href":"https:\/\/www.schachklub-bad-homburg.de\/index.php?rest_route=\/wp\/v2\/posts\/32997\/revisions"}],"predecessor-version":[{"id":33013,"href":"https:\/\/www.schachklub-bad-homburg.de\/index.php?rest_route=\/wp\/v2\/posts\/32997\/revisions\/33013"}],"wp:attachment":[{"href":"https:\/\/www.schachklub-bad-homburg.de\/index.php?rest_route=%2Fwp%2Fv2%2Fmedia&parent=32997"}],"wp:term":[{"taxonomy":"category","embeddable":true,"href":"https:\/\/www.schachklub-bad-homburg.de\/index.php?rest_route=%2Fwp%2Fv2%2Fcategories&post=32997"},{"taxonomy":"post_tag","embeddable":true,"href":"https:\/\/www.schachklub-bad-homburg.de\/index.php?rest_route=%2Fwp%2Fv2%2Ftags&post=32997"}],"curies":[{"name":"wp","href":"https:\/\/api.w.org\/{rel}","templated":true}]}}